{"id":347,"date":"2019-03-18T19:36:02","date_gmt":"2019-03-18T18:36:02","guid":{"rendered":"http:\/\/jullien-avocat.fr\/?p=347"},"modified":"2019-03-22T18:58:07","modified_gmt":"2019-03-22T17:58:07","slug":"lurssaf-na-pas-lobligation-de-transmettre-le-proces-verbal-de-controle","status":"publish","type":"post","link":"http:\/\/jullien-avocat.fr\/index.php\/2019\/03\/18\/lurssaf-na-pas-lobligation-de-transmettre-le-proces-verbal-de-controle\/","title":{"rendered":"L&rsquo;URSSAF n&rsquo;a pas l&rsquo;obligation de transmettre le proc\u00e8s verbal de contr\u00f4le"},"content":{"rendered":"\n<div class=\"wp-block-image\"><figure class=\"aligncenter is-resized\"><img decoding=\"async\" loading=\"lazy\" src=\"http:\/\/jullien-avocat.fr\/wp-content\/uploads\/2019\/03\/photo-article-18-03-2019-1024x640.jpg\" alt=\"\" class=\"wp-image-355\" width=\"162\" height=\"101\" srcset=\"http:\/\/jullien-avocat.fr\/wp-content\/uploads\/2019\/03\/photo-article-18-03-2019-1024x640.jpg 1024w, http:\/\/jullien-avocat.fr\/wp-content\/uploads\/2019\/03\/photo-article-18-03-2019-300x188.jpg 300w, http:\/\/jullien-avocat.fr\/wp-content\/uploads\/2019\/03\/photo-article-18-03-2019-768x480.jpg 768w, http:\/\/jullien-avocat.fr\/wp-content\/uploads\/2019\/03\/photo-article-18-03-2019.jpg 1920w\" sizes=\"(max-width: 162px) 100vw, 162px\" \/><\/figure><\/div>\n\n\n\n<p style=\"text-align:center\">A l&rsquo;issue du contr\u00f4le URSSAF, l&rsquo;agent r\u00e9dige une lettre d&rsquo;observations.<\/p>\n\n\n\n<p style=\"text-align:center\">Il s&rsquo;agit du projet de redressement qui est adress\u00e9 au cotisant pour qu&rsquo;il puisse faire valoir ses propres observations, pr\u00e9cisions ou contestations.<\/p>\n\n\n\n<p style=\"text-align:center\">Mais en pratique, l&rsquo;agent de contr\u00f4le r\u00e9dige un autre document qui, quant \u00e0 lui, est rarement remis au cotisant m\u00eame lorsqu&rsquo;il en fait la demande.<\/p>\n\n\n\n<p style=\"text-align:center\">Il s&rsquo;agit du proc\u00e8s verbal de contr\u00f4le dans lequel l&rsquo;inspecteur consigne les diff\u00e9rentes constatations r\u00e9alis\u00e9es lors de ses investigations.<\/p>\n\n\n\n<p style=\"text-align:center\">L&rsquo;URSSAF utilise ce document comme une base de travail servant \u00e0 r\u00e9diger la lettre d&rsquo;observations.<\/p>\n\n\n\n<p style=\"text-align:center\">Il arrive que certaines constatations ou r\u00e9flexions de l&rsquo;inspecteur ne soient pas reprises dans la lettre d&rsquo;observations au motif qu&rsquo;elles seraient susceptibles de nourrir une \u00e9ventuelle contestation.<\/p>\n\n\n\n<p style=\"text-align:center\">C&rsquo;est pourquoi, les URSSAF sont traditionnellement r\u00e9fractaires \u00e0 l&rsquo;id\u00e9e de transmettre le proc\u00e8s verbal de contr\u00f4le que r\u00e9clament pourtant les cotisants au nom du principe du contradictoire.<\/p>\n\n\n\n<p style=\"text-align:center\">Dans un arr\u00eat publi\u00e9 du 14 f\u00e9vrier 2019, la Cour de cassation consid\u00e8re que l&rsquo;URSSAF n&rsquo;est pas dans l&rsquo;obligation de transmettre le proc\u00e8s verbal de contr\u00f4le qui, en l&rsquo;occurrence, avait pour objet de constater des faits de travail dissimul\u00e9 (Cass. Soc., 14 f\u00e9vrier 2019, n\u00b018-12150, F-P+B).<\/p>\n\n\n\n<p style=\"text-align:center\">Selon la Cour de cassation, il n&rsquo;est aucun texte qui impose une telle transmission.<\/p>\n\n\n\n<p style=\"text-align:center\">La Cour de cassation adopte ainsi une position qui permettra aux diff\u00e9rentes URSSAF de d\u00e9cider au cas par cas s&rsquo;il est ou non utile de transmettre le proc\u00e8s verbal de contr\u00f4le.<\/p>\n\n\n\n<p style=\"text-align:center\">Cette analyse vient limiter les moyens dont disposent les cotisants pour contrecarrer les constatations des agents de contr\u00f4le qui pourtant \u00ab\u00a0font foi jusqu&rsquo;\u00e0 preuve du contraire\u00a0\u00bb.<\/p>\n\n\n\n<p style=\"text-align:center\">Au nom du principe de l&rsquo;exercice des droits \u00e0 la d\u00e9fense, se pose r\u00e9ellement la question de savoir si la transparence ne devrait pas \u00eatre obligatoire sur ce type document.<\/p>\n","protected":false},"excerpt":{"rendered":"<p>A l&rsquo;issue du contr\u00f4le URSSAF, l&rsquo;agent r\u00e9dige une lettre d&rsquo;observations. Il s&rsquo;agit du projet de redressement qui est adress\u00e9 au cotisant pour qu&rsquo;il puisse faire valoir ses propres observations, pr\u00e9cisions ou contestations. Mais en pratique, l&rsquo;agent de contr\u00f4le r\u00e9dige un autre document qui, quant \u00e0 lui, est rarement remis au cotisant m\u00eame lorsqu&rsquo;il en fait <a href=\"http:\/\/jullien-avocat.fr\/index.php\/2019\/03\/18\/lurssaf-na-pas-lobligation-de-transmettre-le-proces-verbal-de-controle\/\" rel=\"nofollow\"><span class=\"sr-only\">En savoir plus surL&rsquo;URSSAF n&rsquo;a pas l&rsquo;obligation de transmettre le proc\u00e8s verbal de contr\u00f4le<\/span>[&hellip;]<\/a><\/p>\n","protected":false},"author":1,"featured_media":0,"comment_status":"open","ping_status":"open","sticky":false,"template":"","format":"standard","meta":[],"categories":[1],"tags":[],"_links":{"self":[{"href":"http:\/\/jullien-avocat.fr\/index.php\/wp-json\/wp\/v2\/posts\/347"}],"collection":[{"href":"http:\/\/jullien-avocat.fr\/index.php\/wp-json\/wp\/v2\/posts"}],"about":[{"href":"http:\/\/jullien-avocat.fr\/index.php\/wp-json\/wp\/v2\/types\/post"}],"author":[{"embeddable":true,"href":"http:\/\/jullien-avocat.fr\/index.php\/wp-json\/wp\/v2\/users\/1"}],"replies":[{"embeddable":true,"href":"http:\/\/jullien-avocat.fr\/index.php\/wp-json\/wp\/v2\/comments?post=347"}],"version-history":[{"count":17,"href":"http:\/\/jullien-avocat.fr\/index.php\/wp-json\/wp\/v2\/posts\/347\/revisions"}],"predecessor-version":[{"id":373,"href":"http:\/\/jullien-avocat.fr\/index.php\/wp-json\/wp\/v2\/posts\/347\/revisions\/373"}],"wp:attachment":[{"href":"http:\/\/jullien-avocat.fr\/index.php\/wp-json\/wp\/v2\/media?parent=347"}],"wp:term":[{"taxonomy":"category","embeddable":true,"href":"http:\/\/jullien-avocat.fr\/index.php\/wp-json\/wp\/v2\/categories?post=347"},{"taxonomy":"post_tag","embeddable":true,"href":"http:\/\/jullien-avocat.fr\/index.php\/wp-json\/wp\/v2\/tags?post=347"}],"curies":[{"name":"wp","href":"https:\/\/api.w.org\/{rel}","templated":true}]}}