{"id":312,"date":"2019-02-20T19:15:14","date_gmt":"2019-02-20T18:15:14","guid":{"rendered":"http:\/\/jullien-avocat.fr\/?p=312"},"modified":"2019-02-27T18:21:21","modified_gmt":"2019-02-27T17:21:21","slug":"quel-est-lacte-qui-interrompt-la-prescription-devant-le-conseil-de-prudhommes","status":"publish","type":"post","link":"http:\/\/jullien-avocat.fr\/index.php\/2019\/02\/20\/quel-est-lacte-qui-interrompt-la-prescription-devant-le-conseil-de-prudhommes\/","title":{"rendered":"Quel est l&rsquo;acte qui interrompt la prescription devant le Conseil de prud&rsquo;hommes?"},"content":{"rendered":"\n<p>Tout justiciable dispose d&rsquo;un d\u00e9lai donn\u00e9 pour agir en justice, ce que l&rsquo;on appelle commun\u00e9ment le d\u00e9lai de prescription.<\/p>\n\n\n\n<p>Ces derni\u00e8res ann\u00e9es, le l\u00e9gislateur a \u0153uvr\u00e9 pour r\u00e9duire les d\u00e9lais de prescription en droit du travail afin de s&rsquo;aligner sur les r\u00e8gles en vigueur chez nos voisins europ\u00e9ens mais aussi pour offrir davantage de s\u00e9curit\u00e9 juridique aux justiciables.<\/p>\n\n\n\n<p>Depuis l&rsquo;ordonnance&nbsp;n\u00b02017-1387 du 22 septembre 2017,&nbsp; la rupture de son contrat de travail (licenciement, d\u00e9mission, etc.) peut \u00eatre contest\u00e9e&nbsp;uniquement dans les&nbsp;12 mois (contre 2 ans sous l&rsquo;ancienne l\u00e9gislation)&nbsp;en saisissant&nbsp;le conseil de prud&rsquo;hommes.<\/p>\n\n\n\n<p>C&rsquo;est donc avec int\u00e9r\u00eat que se pose la question de savoir quel est l&rsquo;acte qui interrompt la prescription : s&rsquo;agit-il du r\u00e9c\u00e9piss\u00e9 de d\u00e9p\u00f4t de la requ\u00eate au Conseil de prud&rsquo;hommes ou de la date de citation en justice du d\u00e9fendeur par le Conseil de prud&rsquo;hommes?<\/p>\n\n\n\n<div class=\"wp-block-image\"><figure class=\"aligncenter is-resized\"><img decoding=\"async\" loading=\"lazy\" src=\"http:\/\/jullien-avocat.fr\/wp-content\/uploads\/2019\/02\/photoarticle-20-02-2019-1024x945.jpg\" alt=\"\" class=\"wp-image-314\" width=\"125\" height=\"115\" srcset=\"http:\/\/jullien-avocat.fr\/wp-content\/uploads\/2019\/02\/photoarticle-20-02-2019-1024x945.jpg 1024w, http:\/\/jullien-avocat.fr\/wp-content\/uploads\/2019\/02\/photoarticle-20-02-2019-300x277.jpg 300w, http:\/\/jullien-avocat.fr\/wp-content\/uploads\/2019\/02\/photoarticle-20-02-2019-768x709.jpg 768w, http:\/\/jullien-avocat.fr\/wp-content\/uploads\/2019\/02\/photoarticle-20-02-2019.jpg 1920w\" sizes=\"(max-width: 125px) 100vw, 125px\" \/><\/figure><\/div>\n\n\n\n<p>Un arr\u00eat r\u00e9cent de la Cour de cassation semble donner la faveur \u00e0 cette deuxi\u00e8me solution au sujet du d\u00e9lai de prescription applicable \u00e0 la d\u00e9nonciation du solde de tout compte (Cass. Soc., 7 mars 2018, n\u00b016-13194).<\/p>\n\n\n\n<p>Cette solution est parfaitement l\u00e9gitime puisque le d\u00e9lai de prescription a pr\u00e9cis\u00e9ment pour objet d&rsquo;\u00e9viter au&nbsp;d\u00e9fendeur ou d\u00e9biteur d&rsquo;\u00eatre mis en cause trop longtemps apr\u00e8s les faits.<\/p>\n\n\n\n<p>Il est donc logique que la Cour de cassation retienne que la prescription n&rsquo;est interrompue \u00e0 l&rsquo;\u00e9gard du d\u00e9fendeur que lorsque celui-ci a connaissance de l&rsquo;exercice d&rsquo;une action en justice \u00e0 son encontre c&rsquo;est-\u00e0-dire \u00e0 la date \u00e0 laquelle le Conseil de prud&rsquo;hommes lui adresse une convocation \u00e0 comparaitre en justice.<\/p>\n\n\n\n<p>N\u00e9anmoins, il est vrai qu&rsquo;\u00e0 la lecture de l&rsquo;arr\u00eat que l&rsquo;on peut s&rsquo;interroger sur la question de savoir si la Cour de cassation a voulu donner une port\u00e9e g\u00e9n\u00e9rale \u00e0 cette jurisprudence ou si elle a entendu la limiter au seul d\u00e9lai de prescription relatif \u00e0 la d\u00e9nonciation du solde de tout compte (L 1234-20 du Code du travail).<\/p>\n\n\n\n<p>Cette incertitude devrait conduire les praticiens \u00e0 la plus grande prudence lors de la saisine du Conseil de prud&rsquo;hommes.<\/p>\n","protected":false},"excerpt":{"rendered":"<p>Tout justiciable dispose d&rsquo;un d\u00e9lai donn\u00e9 pour agir en justice, ce que l&rsquo;on appelle commun\u00e9ment le d\u00e9lai de prescription. Ces derni\u00e8res ann\u00e9es, le l\u00e9gislateur a \u0153uvr\u00e9 pour r\u00e9duire les d\u00e9lais de prescription en droit du travail afin de s&rsquo;aligner sur les r\u00e8gles en vigueur chez nos voisins europ\u00e9ens mais aussi pour offrir davantage de s\u00e9curit\u00e9 <a href=\"http:\/\/jullien-avocat.fr\/index.php\/2019\/02\/20\/quel-est-lacte-qui-interrompt-la-prescription-devant-le-conseil-de-prudhommes\/\" rel=\"nofollow\"><span class=\"sr-only\">En savoir plus surQuel est l&rsquo;acte qui interrompt la prescription devant le Conseil de prud&rsquo;hommes?<\/span>[&hellip;]<\/a><\/p>\n","protected":false},"author":1,"featured_media":0,"comment_status":"open","ping_status":"open","sticky":false,"template":"","format":"standard","meta":[],"categories":[1],"tags":[],"_links":{"self":[{"href":"http:\/\/jullien-avocat.fr\/index.php\/wp-json\/wp\/v2\/posts\/312"}],"collection":[{"href":"http:\/\/jullien-avocat.fr\/index.php\/wp-json\/wp\/v2\/posts"}],"about":[{"href":"http:\/\/jullien-avocat.fr\/index.php\/wp-json\/wp\/v2\/types\/post"}],"author":[{"embeddable":true,"href":"http:\/\/jullien-avocat.fr\/index.php\/wp-json\/wp\/v2\/users\/1"}],"replies":[{"embeddable":true,"href":"http:\/\/jullien-avocat.fr\/index.php\/wp-json\/wp\/v2\/comments?post=312"}],"version-history":[{"count":11,"href":"http:\/\/jullien-avocat.fr\/index.php\/wp-json\/wp\/v2\/posts\/312\/revisions"}],"predecessor-version":[{"id":331,"href":"http:\/\/jullien-avocat.fr\/index.php\/wp-json\/wp\/v2\/posts\/312\/revisions\/331"}],"wp:attachment":[{"href":"http:\/\/jullien-avocat.fr\/index.php\/wp-json\/wp\/v2\/media?parent=312"}],"wp:term":[{"taxonomy":"category","embeddable":true,"href":"http:\/\/jullien-avocat.fr\/index.php\/wp-json\/wp\/v2\/categories?post=312"},{"taxonomy":"post_tag","embeddable":true,"href":"http:\/\/jullien-avocat.fr\/index.php\/wp-json\/wp\/v2\/tags?post=312"}],"curies":[{"name":"wp","href":"https:\/\/api.w.org\/{rel}","templated":true}]}}